{"id":1667,"date":"2023-08-11T08:01:44","date_gmt":"2023-08-11T08:01:44","guid":{"rendered":"https:\/\/osopolita.org\/nanpa-basico-2\/"},"modified":"2023-08-11T08:01:44","modified_gmt":"2023-08-11T08:01:44","slug":"nanpa-basico-2","status":"publish","type":"post","link":"https:\/\/osopolita.org\/eu\/2023\/08\/nanpa-basico-2\/","title":{"rendered":"NANPA B\u00c1SICO"},"content":{"rendered":"\n<p><\/p>\n\n\n\n<p>Tras finalizar su reciente <strong>visita a Espa\u00f1a con hasta seis fechas<\/strong> por las principales ciudades y festivales del Estado y con <em>sold-out<\/em> en Madrid<strong>,<\/strong><strong> <\/strong><strong>Nanpa B\u00e1sico<\/strong> presenta <a href=\"https:\/\/onerpm.link\/desde_el_fondo\"><em>Desde El Fondo<\/em><\/a>, un tema donde reafirma su conexi\u00f3n con el pa\u00eds, compartiendo estrofas y vivencias junto a <strong>Nach<\/strong>, recientemente nombrado uno de los mejores raperos en espa\u00f1ol por el medio Billboard, el ic\u00f3nico<strong> ZPU<\/strong>, y <strong>Soma<\/strong> en la producci\u00f3n. \u201cDedicado a todo aquel que tiene la ilusi\u00f3n invicta\u201d,<em> <\/em><strong><em>Desde El Fondo<\/em><\/strong><em> <\/em>desgrana cuales son los motivos que mantienen viva la inspiraci\u00f3n y creatividad de los artistas, y que les empujan a seguir amando el rap.&nbsp;<\/p>\n\n\n\n<p>Una canci\u00f3n producida por Soma donde los versos quedan suspendidos en el aire entre frases crudas, que ara\u00f1an el alma y que narran en primera persona las historias de estos cuatro artistas, su pasi\u00f3n por la m\u00fasica, por el rap y por plasmar en rimas y ritmos sus pensamientos m\u00e1s \u00edntimos. Aunque hoy es el estreno de la canci\u00f3n a nivel global, los asistentes al concierto de <strong>Nanpa B\u00e1sico<\/strong> en la sala Shoko de Madrid, donde se vendieron todas las entradas, <strong>pudieron escuchar en exclusiva esta colaboraci\u00f3n internacional<\/strong>, en un show donde los propios ZPU y Nach salieron al escenario a acompa\u00f1ar al colombiano. Fue a su paso por la ciudad cuando Nanpa aprovech\u00f3 para grabar el film que acompa\u00f1a a <strong><em>Desde El Fondo<\/em><\/strong>, <a href=\"https:\/\/www.youtube.com\/watch?v=X8z0TxX4NsY\">un videoclip<\/a> bajo la direcci\u00f3n de Ave Mercuri Films (Aitana, Morat, Kase. O etc) donde los cuatro artistas intercalan escenas surrealistas con planos rapeando a c\u00e1mara.&nbsp;<\/p>\n\n\n\n<p><strong>Nanpa B\u00e1sico<\/strong> <strong>finaliz\u00f3 su gira por Espa\u00f1a el pasado 15 de julio<\/strong> en Vigo, tras <strong>recorrer los escenarios de festivales tan importantes como Cru\u00eflla <\/strong>en Barcelona<strong> <\/strong>o<strong> Bilbao BBK Live <\/strong>as\u00ed como <strong>Portam\u00e9rica <\/strong>en Pontevedra<strong>, Metr\u00f3poli <\/strong>en Gij\u00f3n<strong>, o Slap! Festival<\/strong> en Zaragoza. Ahora, el artista viaja a Am\u00e9rica <strong>para continuar su tour<\/strong>, pasando por ciudades como<strong> Buenos Aires <\/strong>o<strong> Santiago de Chile<\/strong> y prepar\u00e1ndose para las <strong>11 fechas en Estados Unidos que le llevar\u00e1n desde Los \u00c1ngeles a Nueva York,<\/strong> celebrando su \u2018Que chimba la raza Tour\u2019.<\/p>\n\n\n\n<p>Sumando m\u00fasica, colaboraciones, lanzamientos y fechas a su gira, <strong>Nanpa B\u00e1sico<\/strong> contin\u00faa escalando puestos en la escena internacional, llevando su frescura innata y su rap rosa a cada rinc\u00f3n del planeta.&nbsp;<\/p>\n","protected":false},"excerpt":{"rendered":"<p>Tras finalizar su reciente visita a Espa\u00f1a con hasta seis fechas por las principales ciudades y festivales del Estado y con sold-out en Madrid, Nanpa B\u00e1sico [&hellip;]<\/p>\n","protected":false},"author":4,"featured_media":1662,"comment_status":"open","ping_status":"closed","sticky":false,"template":"","format":"standard","meta":{"_jetpack_memberships_contains_paid_content":false,"footnotes":""},"categories":[24],"tags":[],"class_list":["post-1667","post","type-post","status-publish","format-standard","has-post-thumbnail","hentry","category-uncategorized-eu"],"jetpack_featured_media_url":"https:\/\/osopolita.org\/wp-content\/uploads\/2022\/06\/DSC03803-scaled.jpg","jetpack_sharing_enabled":true,"_links":{"self":[{"href":"https:\/\/osopolita.org\/eu\/wp-json\/wp\/v2\/posts\/1667","targetHints":{"allow":["GET"]}}],"collection":[{"href":"https:\/\/osopolita.org\/eu\/wp-json\/wp\/v2\/posts"}],"about":[{"href":"https:\/\/osopolita.org\/eu\/wp-json\/wp\/v2\/types\/post"}],"author":[{"embeddable":true,"href":"https:\/\/osopolita.org\/eu\/wp-json\/wp\/v2\/users\/4"}],"replies":[{"embeddable":true,"href":"https:\/\/osopolita.org\/eu\/wp-json\/wp\/v2\/comments?post=1667"}],"version-history":[{"count":0,"href":"https:\/\/osopolita.org\/eu\/wp-json\/wp\/v2\/posts\/1667\/revisions"}],"wp:featuredmedia":[{"embeddable":true,"href":"https:\/\/osopolita.org\/eu\/wp-json\/wp\/v2\/media\/1662"}],"wp:attachment":[{"href":"https:\/\/osopolita.org\/eu\/wp-json\/wp\/v2\/media?parent=1667"}],"wp:term":[{"taxonomy":"category","embeddable":true,"href":"https:\/\/osopolita.org\/eu\/wp-json\/wp\/v2\/categories?post=1667"},{"taxonomy":"post_tag","embeddable":true,"href":"https:\/\/osopolita.org\/eu\/wp-json\/wp\/v2\/tags?post=1667"}],"curies":[{"name":"wp","href":"https:\/\/api.w.org\/{rel}","templated":true}]}}